{"id":10028,"date":"2024-08-27T22:51:33","date_gmt":"2024-08-28T03:51:33","guid":{"rendered":"https:\/\/www.radiointeractivo.com.mx\/?p=10028"},"modified":"2024-08-27T22:51:34","modified_gmt":"2024-08-28T03:51:34","slug":"lanzan-convocatoria-para-participar-en-el-maraton-bicentenario-tamaulipas","status":"publish","type":"post","link":"https:\/\/www.radiointeractivo.com.mx\/?p=10028","title":{"rendered":"Lanzan convocatoria para participar en el Marat\u00f3n Bicentenario Tamaulipas"},"content":{"rendered":"\n<figure class=\"wp-block-image size-large\"><img loading=\"lazy\" decoding=\"async\" width=\"1024\" height=\"768\" src=\"https:\/\/www.radiointeractivo.com.mx\/wp-content\/uploads\/2024\/08\/WhatsApp-Image-2024-08-27-at-6.45.44-PM-1024x768.jpeg\" alt=\"\" class=\"wp-image-10029\" srcset=\"https:\/\/www.radiointeractivo.com.mx\/wp-content\/uploads\/2024\/08\/WhatsApp-Image-2024-08-27-at-6.45.44-PM-1024x768.jpeg 1024w, https:\/\/www.radiointeractivo.com.mx\/wp-content\/uploads\/2024\/08\/WhatsApp-Image-2024-08-27-at-6.45.44-PM-300x225.jpeg 300w, https:\/\/www.radiointeractivo.com.mx\/wp-content\/uploads\/2024\/08\/WhatsApp-Image-2024-08-27-at-6.45.44-PM-768x576.jpeg 768w, https:\/\/www.radiointeractivo.com.mx\/wp-content\/uploads\/2024\/08\/WhatsApp-Image-2024-08-27-at-6.45.44-PM-1536x1152.jpeg 1536w, https:\/\/www.radiointeractivo.com.mx\/wp-content\/uploads\/2024\/08\/WhatsApp-Image-2024-08-27-at-6.45.44-PM.jpeg 1600w\" sizes=\"auto, (max-width: 1024px) 100vw, 1024px\" \/><\/figure>\n\n\n\n<p>-Es parte de los festejos para conmemorar los 200 a\u00f1os de la conformaci\u00f3n del estado libre y soberano de Tamaulipas<\/p>\n\n\n\n<p>Ciudad Victoria, Tamaulipas.- El Gobierno de Tamaulipas lanz\u00f3 la convocatoria para inscribirse y participar en el Marat\u00f3n Bicentenario Tamaulipas, calificatorio a la m\u00e1xima justa deportiva de Boston, inform\u00f3 el secretario de Turismo en la entidad, Benjam\u00edn Hern\u00e1ndez Rodr\u00edguez.<\/p>\n\n\n\n<p>En rueda de prensa, en el Caf\u00e9 \u201cDisfruta\u201d del DIF Tamaulipas, acompa\u00f1ado de Manuel Viru\u00e9s Lozano, director del Instituto del Deporte de Tamaulipas; Diana C\u00e9spedes Gonz\u00e1lez, secretar\u00eda de Desarrollo Econ\u00f3mico y Turismo de Victoria y Francisco Res\u00e9ndiz Guevara, representante de la empresa Bike and Run, dio a conocer que habr\u00e1 una bolsa de 250 mil pesos en premios, adem\u00e1s de rifas y regalos.<\/p>\n\n\n\n<p>&#8220;Siguiendo la estrategia del gobernador Am\u00e9rico Villarreal Anaya promocionamos a Tamaulipas en todos los foros, sectores y niveles, ahora es en turismo deportivo, donde se busca posicionar el marat\u00f3n a nivel nacional e internacional&#8221;, dijo.<\/p>\n\n\n\n<p>Expres\u00f3 que la fecha de justa deportiva ser\u00e1 el pr\u00f3ximo 10 de noviembre del 2024 en la capital de Tamaulipas, Ciudad Victoria.<\/p>\n\n\n\n<p>\u201cSe espera una derrama superior a los 3.5 millones de pesos, con el arribo de cientos de corredores y sus respectivos acompa\u00f1antes en esta justa deportiva abierta a corredores locales, nacionales y extranjeros\u201d, indic\u00f3.<\/p>\n\n\n\n<p>Asimismo Manuel Viru\u00e9s Lozano destac\u00f3 que junto a la Secretar\u00eda de Turismo de Tamaulipas y del mismo municipio, seguir\u00e1n trabajando para hacer eventos y generar derrama econ\u00f3mica al estado.<\/p>\n\n\n\n<p>Por su parte, Francisco Res\u00e9ndiz Guevara se\u00f1al\u00f3 que el marat\u00f3n empezar\u00e1 a la 5:30 de la ma\u00f1ana que es cuando est\u00e1 m\u00e1s fresco y que la ciudadan\u00eda no se vea afectada en su tr\u00e1nsito vehicular.<\/p>\n\n\n\n<p>\u201cAdem\u00e1s, habr\u00e1 motocicletas con param\u00e9dicos, jueces certificados, as\u00ed como tapetes, para checar que los corredores cumplan con la ruta establecida\u201d, indic\u00f3.<\/p>\n\n\n\n<p>El premio para el primer lugar del ganador del marat\u00f3n, obtendr\u00e1 50 mil pesos; el segundo 30 mil pesos y el tercero 15 mil pesos.<\/p>\n\n\n\n<p>Mientras que los premios para el medio marat\u00f3n, en la premiaci\u00f3n absoluta de los 21 km, el primer lugar se llevar\u00e1 15 mil pesos; el segundo 10 mil y el tercero 5 mil.<\/p>\n\n\n\n<p>En la premiaci\u00f3n absoluta de los ganadores de los 10 kil\u00f3metros el primer lugar se llevar\u00e1 5 mil; el segundo lugar 2 mil 500 y el tercer lugar 1,500 pesos.<\/p>\n","protected":false},"excerpt":{"rendered":"<p>-Es parte de los festejos para conmemorar los 200 a\u00f1os de la conformaci\u00f3n del estado libre y soberano de Tamaulipas Ciudad Victoria, Tamaulipas.- El Gobierno de Tamaulipas lanz\u00f3 la convocatoria para inscribirse y participar en el Marat\u00f3n Bicentenario Tamaulipas, calificatorio a la m\u00e1xima justa deportiva de Boston, inform\u00f3 el secretario de Turismo en la entidad, &hellip;<\/p>\n","protected":false},"author":1,"featured_media":10029,"comment_status":"open","ping_status":"open","sticky":false,"template":"","format":"standard","meta":{"footnotes":""},"categories":[39],"tags":[],"class_list":["post-10028","post","type-post","status-publish","format-standard","has-post-thumbnail","","category-tamaulipas"],"_links":{"self":[{"href":"https:\/\/www.radiointeractivo.com.mx\/index.php?rest_route=\/wp\/v2\/posts\/10028","targetHints":{"allow":["GET"]}}],"collection":[{"href":"https:\/\/www.radiointeractivo.com.mx\/index.php?rest_route=\/wp\/v2\/posts"}],"about":[{"href":"https:\/\/www.radiointeractivo.com.mx\/index.php?rest_route=\/wp\/v2\/types\/post"}],"author":[{"embeddable":true,"href":"https:\/\/www.radiointeractivo.com.mx\/index.php?rest_route=\/wp\/v2\/users\/1"}],"replies":[{"embeddable":true,"href":"https:\/\/www.radiointeractivo.com.mx\/index.php?rest_route=%2Fwp%2Fv2%2Fcomments&post=10028"}],"version-history":[{"count":1,"href":"https:\/\/www.radiointeractivo.com.mx\/index.php?rest_route=\/wp\/v2\/posts\/10028\/revisions"}],"predecessor-version":[{"id":10030,"href":"https:\/\/www.radiointeractivo.com.mx\/index.php?rest_route=\/wp\/v2\/posts\/10028\/revisions\/10030"}],"wp:featuredmedia":[{"embeddable":true,"href":"https:\/\/www.radiointeractivo.com.mx\/index.php?rest_route=\/wp\/v2\/media\/10029"}],"wp:attachment":[{"href":"https:\/\/www.radiointeractivo.com.mx\/index.php?rest_route=%2Fwp%2Fv2%2Fmedia&parent=10028"}],"wp:term":[{"taxonomy":"category","embeddable":true,"href":"https:\/\/www.radiointeractivo.com.mx\/index.php?rest_route=%2Fwp%2Fv2%2Fcategories&post=10028"},{"taxonomy":"post_tag","embeddable":true,"href":"https:\/\/www.radiointeractivo.com.mx\/index.php?rest_route=%2Fwp%2Fv2%2Ftags&post=10028"}],"curies":[{"name":"wp","href":"https:\/\/api.w.org\/{rel}","templated":true}]}}